{"id":53,"date":"2015-04-03T07:18:27","date_gmt":"2015-04-03T05:18:27","guid":{"rendered":"http:\/\/fredrikstadtri.no\/wp\/2015\/04\/03\/kick-off-2015\/"},"modified":"2018-03-06T09:01:12","modified_gmt":"2018-03-06T08:01:12","slug":"kick-off-2015","status":"publish","type":"post","link":"http:\/\/fredrikstadtri.no\/wp\/2015\/04\/03\/kick-off-2015\/","title":{"rendered":"Kick off &#8211; 2015"},"content":{"rendered":"<p><span style=\"color: #141823; font-family: helvetica, arial, 'lucida grande', sans-serif;\"><span style=\"font-size: 14px; line-height: 17.5636348724365px;\">Klubbens medlemmer \u00f8nskes velkommen til Kick Off l\u00f8rdag 11. april<\/span><\/span><\/p>\n<p><span style=\"color: #141823; font-family: helvetica, arial, 'lucida grande', sans-serif;\"><span style=\"font-size: 14px; line-height: 17.5636348724365px;\">Dagen skal tilbringes ute i skogen, sa\u030a kle deg deretter. Det blir sosial hygge med mulighet til a\u030a teste sine egne grenser.<\/span><\/span><\/p>\n<p><span style=\"color: #141823; font-family: helvetica, arial, 'lucida grande', sans-serif;\"><span style=\"font-size: 14px; line-height: 17.5636348724365px;\">Stedet er B\u00f8kollen i Varteig. Parkering skjer ved H\u00f8gheim, <a title=\"kart\" href=\"http:\/\/kart.gulesider.no\/m\/MUygA\">se kart merket med \u201dA\u201d<\/a>. Oppm\u00f8te 10:30 Vi ga\u030ar felles til plassen vi skal v\u00e6re pa\u030a, ca 2km, \u201dB\u201d Det er ikke plass til a\u030a parkere ved \u201dB\u201d!<\/span><\/span><\/p>\n<p><span style=\"color: #141823; font-family: helvetica, arial, 'lucida grande', sans-serif;\"><span style=\"font-size: 14px; line-height: 17.5636348724365px;\">Programmet for dagen er rappellering, grottevandring, ba\u030albrenning og hygge. Klubben kj\u00f8per inn p\u00f8lser og br\u00f8d\/lomper. Ta med det du \u00f8nsker a\u030a drikke, eller om du vil spise noe annet.<\/span><\/span><\/p>\n<p><span style=\"color: #141823; font-family: helvetica, arial, 'lucida grande', sans-serif;\"><span style=\"font-size: 14px; line-height: 17.5636348724365px;\">Ta med underlag a\u030a sitte pa\u030a, hodelykt til grottevandringen.<\/span><\/span><\/p>\n","protected":false},"excerpt":{"rendered":"<p>Klubbens medlemmer \u00f8nskes velkommen til Kick Off l\u00f8rdag 11. april Dagen skal tilbringes ute i skogen, sa\u030a kle deg deretter. Det blir sosial hygge med mulighet til a\u030a teste sine egne grenser. Stedet er B\u00f8kollen i Varteig. Parkering skjer ved H\u00f8gheim, se kart merket med \u201dA\u201d. Oppm\u00f8te 10:30 Vi ga\u030ar felles til plassen vi skal [&hellip;]<\/p>\n","protected":false},"author":1,"featured_media":0,"comment_status":"open","ping_status":"open","sticky":false,"template":"","format":"standard","meta":{"_et_pb_use_builder":"","_et_pb_old_content":"","_et_gb_content_width":""},"categories":[4],"tags":[],"_links":{"self":[{"href":"http:\/\/fredrikstadtri.no\/wp\/wp-json\/wp\/v2\/posts\/53"}],"collection":[{"href":"http:\/\/fredrikstadtri.no\/wp\/wp-json\/wp\/v2\/posts"}],"about":[{"href":"http:\/\/fredrikstadtri.no\/wp\/wp-json\/wp\/v2\/types\/post"}],"author":[{"embeddable":true,"href":"http:\/\/fredrikstadtri.no\/wp\/wp-json\/wp\/v2\/users\/1"}],"replies":[{"embeddable":true,"href":"http:\/\/fredrikstadtri.no\/wp\/wp-json\/wp\/v2\/comments?post=53"}],"version-history":[{"count":1,"href":"http:\/\/fredrikstadtri.no\/wp\/wp-json\/wp\/v2\/posts\/53\/revisions"}],"predecessor-version":[{"id":612,"href":"http:\/\/fredrikstadtri.no\/wp\/wp-json\/wp\/v2\/posts\/53\/revisions\/612"}],"wp:attachment":[{"href":"http:\/\/fredrikstadtri.no\/wp\/wp-json\/wp\/v2\/media?parent=53"}],"wp:term":[{"taxonomy":"category","embeddable":true,"href":"http:\/\/fredrikstadtri.no\/wp\/wp-json\/wp\/v2\/categories?post=53"},{"taxonomy":"post_tag","embeddable":true,"href":"http:\/\/fredrikstadtri.no\/wp\/wp-json\/wp\/v2\/tags?post=53"}],"curies":[{"name":"wp","href":"https:\/\/api.w.org\/{rel}","templated":true}]}}