{"id":10,"date":"2013-05-20T18:29:40","date_gmt":"2013-05-20T16:29:40","guid":{"rendered":"http:\/\/fredrikstadtri.no\/wp\/2013\/05\/20\/styret\/"},"modified":"2016-01-03T11:25:42","modified_gmt":"2016-01-03T10:25:42","slug":"styret","status":"publish","type":"post","link":"http:\/\/fredrikstadtri.no\/wp\/2013\/05\/20\/styret\/","title":{"rendered":"Styret"},"content":{"rendered":"<p>P\u00e5 \u00e5rsm\u00f8te 2013 ble f\u00f8lgende styre valgt inn:<\/p>\n<p><!--more--><\/p>\n<p>Leder: <span style=\"color: #0066cc;\">Axel Bendiksby<\/span><br \/>\nNestleder: <span style=\"color: #0066cc;\">Thomas Andresen<\/span><br \/>\nKasserer: <span style=\"color: #0066cc;\">Joshua Lisac<\/span><br \/>\nStyremedlem 1: <span style=\"color: #0066cc;\">Geir Engdahl<\/span><br \/>\n<span class=\"text_exposed_show\">Styremedlem 2: <span style=\"color: #0066cc;\">Stian Lindberg Mathisen<\/span><br \/>\nStyremedlem 3: <span style=\"color: #0066cc;\">Kari Anne B. J\u00f8rgensen<\/span><br \/>\nVaramedlem :per<span style=\"text-decoration: underline;\"> <span style=\"color: #0066cc;\">Per Morten Ellingsen<\/span><\/span><br \/>\n<\/span><\/p>\n","protected":false},"excerpt":{"rendered":"<p>P\u00e5 \u00e5rsm\u00f8te 2013 ble f\u00f8lgende styre valgt inn:<\/p>\n","protected":false},"author":1,"featured_media":0,"comment_status":"open","ping_status":"open","sticky":false,"template":"","format":"standard","meta":{"_et_pb_use_builder":"","_et_pb_old_content":"","_et_gb_content_width":""},"categories":[5],"tags":[],"_links":{"self":[{"href":"http:\/\/fredrikstadtri.no\/wp\/wp-json\/wp\/v2\/posts\/10"}],"collection":[{"href":"http:\/\/fredrikstadtri.no\/wp\/wp-json\/wp\/v2\/posts"}],"about":[{"href":"http:\/\/fredrikstadtri.no\/wp\/wp-json\/wp\/v2\/types\/post"}],"author":[{"embeddable":true,"href":"http:\/\/fredrikstadtri.no\/wp\/wp-json\/wp\/v2\/users\/1"}],"replies":[{"embeddable":true,"href":"http:\/\/fredrikstadtri.no\/wp\/wp-json\/wp\/v2\/comments?post=10"}],"version-history":[{"count":1,"href":"http:\/\/fredrikstadtri.no\/wp\/wp-json\/wp\/v2\/posts\/10\/revisions"}],"predecessor-version":[{"id":126,"href":"http:\/\/fredrikstadtri.no\/wp\/wp-json\/wp\/v2\/posts\/10\/revisions\/126"}],"wp:attachment":[{"href":"http:\/\/fredrikstadtri.no\/wp\/wp-json\/wp\/v2\/media?parent=10"}],"wp:term":[{"taxonomy":"category","embeddable":true,"href":"http:\/\/fredrikstadtri.no\/wp\/wp-json\/wp\/v2\/categories?post=10"},{"taxonomy":"post_tag","embeddable":true,"href":"http:\/\/fredrikstadtri.no\/wp\/wp-json\/wp\/v2\/tags?post=10"}],"curies":[{"name":"wp","href":"https:\/\/api.w.org\/{rel}","templated":true}]}}